{"id":11006,"date":"2024-05-29T10:24:11","date_gmt":"2024-05-29T08:24:11","guid":{"rendered":"http:\/\/www.businessmantoday.us\/?p=11006"},"modified":"2024-05-29T10:24:11","modified_gmt":"2024-05-29T08:24:11","slug":"https-www-romance-tv-pl-35","status":"publish","type":"post","link":"http:\/\/www.businessmantoday.us\/pl\/https-www-romance-tv-pl-35\/","title":{"rendered":"\u015awi\u0119tuj pocz\u0105tek lata oraz Dzie\u0144 Ojca z Romance TV!"},"content":{"rendered":"<p><strong>Czerwiec w Romance TV to oczywi\u015bcie przywitanie lata! Z tej okazji widzowie zobacz\u0105 premier\u0119 telewizyjn\u0105 filmu \u201eInga Lindstr\u00f6m: Lato na wyspie\u201d (20.06 g. 20:00). Ju\u017c trzy dni p\u00f3\u017aniej, z okazji Dnia Ojca, stacja zaprasza na komedi\u0119 \u201eAlert klimatyczny dla pocz\u0105tkuj\u0105cych\u201d (23.06 g. 20:00). Dla fan\u00f3w adwokata Joachima Varnau, tak\u017ce co\u015b si\u0119 w czerwcu znajdzie, gdy\u017c w trzy kolejne soboty miesi\u0105ca, Romance TV zaprasza na filmy opowiadaj\u0105ce o zmaganiach tego bohatera, a 15 czerwca o g. 20:00 wyemitowana zostanie premiera kolejnej cz\u0119\u015bci \u201eJoachim Vernau: Jezioro D\u00fcster\u201d.<\/strong><\/p>\n<p>Dla adwokata Joachima Vernaua \u017cadna sprawa nie jest zbyt ryzykowna. Prowadzone przez niego dochodzenia odkrywaj\u0105 cz\u0119sto dawne, mroczne tajemnice. W trzech pe\u0142nych napi\u0119cia historiach dowcipny berli\u0144czyk i jego urocza wsp\u00f3\u0142pracowniczka, Marie-Luise Hoffmann, rozwi\u0105zuj\u0105 na poz\u00f3r nierozwi\u0105zywalne sprawy. 1 czerwca o godz. 20:00 stacja zaprasza na \u201eJoachim Vernau: Opiekunka do dziecka\u201d, 8 czerwca o tej samej porze pokazany zostanie \u201eJoachim Vernau: Najwy\u017csza instancja\u201d, za\u015b 15 czerwca Romance TV poka\u017ce najnowszy film z tej serii.<\/p>\n<p><strong><em>Joachim Vernau: Jezioro D\u00fcster<\/em><\/strong><strong>, premiera, sobota, 15 czerwca, g. 20:00<\/strong><\/p>\n<p>Kancelari\u0119 Joachima Vernaua, berli\u0144skiego adwokata, odwiedza jego matka Hildegarda. Ma osobist\u0105 spraw\u0119. Jej \u017cyciowa partnerka, Ingeborg Huth, co pewien czas znika na kilka dni z ich wsp\u00f3lnego mieszkania podaj\u0105c nieprzekonuj\u0105ce powody.<\/p>\n<p><strong><em>Inga Lindstr\u00f6m: Lato na wyspie &#8211; Telewizyjna premiera z okazji pocz\u0105tku lata<\/em><\/strong><strong>, czwartek, 20 czerwca, g. 20:00<\/strong><\/p>\n<p>Katharina, samotna matka ze Sztokholmu i jej c\u00f3rka sp\u0119dzaj\u0105 lato u krewnej, na malowniczej wyspie u wschodnich wybrze\u017cy Szwecji. Katharina robi wszystko, \u017ceby uratowa\u0107 bankrutuj\u0105cy lokal ciotki. Spotkanie z przystojnym potomkiem \u201ekawowej\u201d dynastii otwiera nowe perspektywy zar\u00f3wno w \u017cyciu prywatnym, jak i zawodowym.<\/p>\n<p><strong><em>Alert klimatyczny dla pocz\u0105tkuj\u0105cych \u2013\u00a0<\/em><\/strong><strong>Telewizyjna premiera z okazji Dnia Ojca, niedziela, 23 czerwca, g. 20:00<\/strong><\/p>\n<p>Dla Lilly, 17-letniej licealistki, s\u0105 rzeczy wa\u017cniejsze ni\u017c szko\u0142a. Rodzice Lilly pr\u00f3buj\u0105 zmotywowa\u0107 j\u0105 do nauki przed zbli\u017caj\u0105c\u0105 si\u0119 matur\u0105. Martin obiecuje c\u00f3rce wspania\u0142\u0105 podr\u00f3\u017c, ale Lilly nie daje si\u0119 skusi\u0107. Nina wpada na inny pomys\u0142. Je\u017celi c\u00f3rka przy\u0142o\u017cy si\u0119 do nauki, rodzice zaczn\u0105 \u017cy\u0107 w spos\u00f3b przyjazny dla klimatu. Okazuje si\u0119, \u017ce ten styl \u017cycia jest dla rodziny ogromnym wyzwaniem.<\/p>\n<p><strong>Romance TV<\/strong> prezentuje europejskie seriale i filmy fabularne z najwy\u017cszej p\u00f3\u0142ki oraz filmowe adaptacje bestseller\u00f3w Rosamunde Pilcher, Ingi Lindstr\u00f6m, Utty Danelli oraz Katie Fforde. Stacja s\u0142ynie z romantycznych komedii z najlepszymi europejskimi gwiazdami oraz popularnych serii filmowych, jak \u201eStatek Marze\u0144\u201d, \u201eRejs ku szcz\u0119\u015bciu\u201d czy \u201eHotel Marze\u0144\u201d. Seriale, kt\u00f3re sta\u0142y si\u0119 hitami, to m.in. \u201eG\u00f3rski lekarz\u201d, \u201eG\u00f3rscy Ratownicy\u201d.<\/p>\n<p><strong>Romance TV<\/strong> nale\u017cy do Romance TV Betriebs GMBH, stanowi\u0105cej joint venture Mainstream Media AG z ZDF Enterprise GmbH. Za dystrybucj\u0119 Romance TV w Polsce odpowiada Frame by Frame. Romance TV dociera ju\u017c do ponad 5,5 milion\u00f3w gospodarstw domowych w Polsce. Kana\u0142 dost\u0119pny jest m.in. na Platformie Canal+, w Polsat Box, Orange, UPC, Vectrze, Inea, Toya oraz w innych dobrych sieciach kablowych. Ambasadorem kana\u0142u jest Daniel QCZAJ.<\/p>\n<p>romance-tv.pl<\/p>\n<p>facebook.com\/RomanceTVCzasNaUczucia<\/p>\n<p>romance-tv.pl, facebook.com\/RomanceTVCzasNaUczucia<\/p>\n","protected":false},"excerpt":{"rendered":"<p>Czerwiec w Romance TV to oczywi\u015bcie przywitanie lata! Z tej okazji widzowie zobacz\u0105 premier\u0119 telewizyjn\u0105 filmu \u201eInga Lindstr\u00f6m: Lato na wyspie\u201d (20.06 g. 20:00). Ju\u017c trzy dni p\u00f3\u017aniej, z okazji Dnia Ojca, stacja zaprasza na komedi\u0119 \u201eAlert klimatyczny dla pocz\u0105tkuj\u0105cych\u201d (23.06 g. 20:00). Dla fan\u00f3w adwokata Joachima Varnau, tak\u017ce co\u015b&#8230;<\/p>\n","protected":false},"author":17,"featured_media":11007,"comment_status":"closed","ping_status":"open","sticky":false,"template":"","format":"standard","meta":{"_acf_changed":false,"footnotes":""},"categories":[16,986,380,48],"tags":[530,675,1615,1036,669],"class_list":["post-11006","post","type-post","status-publish","format-standard","has-post-thumbnail","hentry","category-bez-kategorii-en","category-kultura","category-spoleczenstwo","category-styl-zycia","tag-film","tag-kobieta","tag-kutura","tag-romancetv","tag-rozrywka"],"acf":[],"yoast_head":"<!-- This site is optimized with the Yoast SEO plugin v25.2 - https:\/\/yoast.com\/wordpress\/plugins\/seo\/ -->\n<title>\u015awi\u0119tuj pocz\u0105tek lata oraz Dzie\u0144 Ojca z Romance TV! | Businessman Today<\/title>\n<meta name=\"robots\" content=\"index, follow, max-snippet:-1, max-image-preview:large, max-video-preview:-1\" \/>\n<link rel=\"canonical\" href=\"http:\/\/www.businessmantoday.us\/pl\/https-www-romance-tv-pl-35\/\" \/>\n<meta property=\"og:locale\" content=\"pl_PL\" \/>\n<meta property=\"og:type\" content=\"article\" \/>\n<meta property=\"og:title\" content=\"\u015awi\u0119tuj pocz\u0105tek lata oraz Dzie\u0144 Ojca z Romance TV! | Businessman Today\" \/>\n<meta property=\"og:description\" content=\"Czerwiec w Romance TV to oczywi\u015bcie przywitanie lata! Z tej okazji widzowie zobacz\u0105 premier\u0119 telewizyjn\u0105 filmu \u201eInga Lindstr\u00f6m: Lato na wyspie\u201d (20.06 g. 20:00). Ju\u017c trzy dni p\u00f3\u017aniej, z okazji Dnia Ojca, stacja zaprasza na komedi\u0119 \u201eAlert klimatyczny dla pocz\u0105tkuj\u0105cych\u201d (23.06 g. 20:00). Dla fan\u00f3w adwokata Joachima Varnau, tak\u017ce co\u015b...\" \/>\n<meta property=\"og:url\" content=\"http:\/\/www.businessmantoday.us\/pl\/https-www-romance-tv-pl-35\/\" \/>\n<meta property=\"og:site_name\" content=\"Businessman Today\" \/>\n<meta property=\"article:published_time\" content=\"2024-05-29T08:24:11+00:00\" \/>\n<meta property=\"og:image\" content=\"http:\/\/www.businessmantoday.us\/wp-content\/uploads\/2024\/05\/Joachim_Vernau_Jezioro_Duester_RomanceTV.jpeg\" \/>\n\t<meta property=\"og:image:width\" content=\"1599\" \/>\n\t<meta property=\"og:image:height\" content=\"1066\" \/>\n\t<meta property=\"og:image:type\" content=\"image\/jpeg\" \/>\n<meta name=\"author\" content=\"Marcin\" \/>\n<meta name=\"twitter:card\" content=\"summary_large_image\" \/>\n<meta name=\"twitter:label1\" content=\"Napisane przez\" \/>\n\t<meta name=\"twitter:data1\" content=\"Marcin\" \/>\n\t<meta name=\"twitter:label2\" content=\"Szacowany czas czytania\" \/>\n\t<meta name=\"twitter:data2\" content=\"3 minuty\" \/>\n<script type=\"application\/ld+json\" class=\"yoast-schema-graph\">{\"@context\":\"https:\/\/schema.org\",\"@graph\":[{\"@type\":\"WebPage\",\"@id\":\"http:\/\/www.businessmantoday.us\/pl\/https-www-romance-tv-pl-35\/\",\"url\":\"http:\/\/www.businessmantoday.us\/pl\/https-www-romance-tv-pl-35\/\",\"name\":\"\u015awi\u0119tuj pocz\u0105tek lata oraz Dzie\u0144 Ojca z Romance TV! | Businessman Today\",\"isPartOf\":{\"@id\":\"http:\/\/www.businessmantoday.us\/pl\/#website\"},\"primaryImageOfPage\":{\"@id\":\"http:\/\/www.businessmantoday.us\/pl\/https-www-romance-tv-pl-35\/#primaryimage\"},\"image\":{\"@id\":\"http:\/\/www.businessmantoday.us\/pl\/https-www-romance-tv-pl-35\/#primaryimage\"},\"thumbnailUrl\":\"http:\/\/www.businessmantoday.us\/wp-content\/uploads\/2024\/05\/Joachim_Vernau_Jezioro_Duester_RomanceTV.jpeg\",\"datePublished\":\"2024-05-29T08:24:11+00:00\",\"author\":{\"@id\":\"http:\/\/www.businessmantoday.us\/pl\/#\/schema\/person\/47c1fa0ea2184bb6a20096182b058647\"},\"breadcrumb\":{\"@id\":\"http:\/\/www.businessmantoday.us\/pl\/https-www-romance-tv-pl-35\/#breadcrumb\"},\"inLanguage\":\"pl-PL\",\"potentialAction\":[{\"@type\":\"ReadAction\",\"target\":[\"http:\/\/www.businessmantoday.us\/pl\/https-www-romance-tv-pl-35\/\"]}]},{\"@type\":\"ImageObject\",\"inLanguage\":\"pl-PL\",\"@id\":\"http:\/\/www.businessmantoday.us\/pl\/https-www-romance-tv-pl-35\/#primaryimage\",\"url\":\"http:\/\/www.businessmantoday.us\/wp-content\/uploads\/2024\/05\/Joachim_Vernau_Jezioro_Duester_RomanceTV.jpeg\",\"contentUrl\":\"http:\/\/www.businessmantoday.us\/wp-content\/uploads\/2024\/05\/Joachim_Vernau_Jezioro_Duester_RomanceTV.jpeg\",\"width\":1599,\"height\":1066,\"caption\":\"Sanja Huth (Anna Loos) und Joachim Vernau (Jan Josef Liefers) unterhalten sich auf dem Weg zur Veranstaltung.\"},{\"@type\":\"BreadcrumbList\",\"@id\":\"http:\/\/www.businessmantoday.us\/pl\/https-www-romance-tv-pl-35\/#breadcrumb\",\"itemListElement\":[{\"@type\":\"ListItem\",\"position\":1,\"name\":\"Strona g\u0142\u00f3wna\",\"item\":\"http:\/\/www.businessmantoday.us\/pl\/\"},{\"@type\":\"ListItem\",\"position\":2,\"name\":\"\u015awi\u0119tuj pocz\u0105tek lata oraz Dzie\u0144 Ojca z Romance TV!\"}]},{\"@type\":\"WebSite\",\"@id\":\"http:\/\/www.businessmantoday.us\/pl\/#website\",\"url\":\"http:\/\/www.businessmantoday.us\/pl\/\",\"name\":\"Businessman Today\",\"description\":\"Inspired by Tomorrow\",\"potentialAction\":[{\"@type\":\"SearchAction\",\"target\":{\"@type\":\"EntryPoint\",\"urlTemplate\":\"http:\/\/www.businessmantoday.us\/pl\/?s={search_term_string}\"},\"query-input\":{\"@type\":\"PropertyValueSpecification\",\"valueRequired\":true,\"valueName\":\"search_term_string\"}}],\"inLanguage\":\"pl-PL\"},{\"@type\":\"Person\",\"@id\":\"http:\/\/www.businessmantoday.us\/pl\/#\/schema\/person\/47c1fa0ea2184bb6a20096182b058647\",\"name\":\"Marcin\",\"image\":{\"@type\":\"ImageObject\",\"inLanguage\":\"pl-PL\",\"@id\":\"http:\/\/www.businessmantoday.us\/pl\/#\/schema\/person\/image\/\",\"url\":\"https:\/\/secure.gravatar.com\/avatar\/788aaa2a314de15ccbbda196c0559147de63c1a842e207ed252f0548a1a8ea6e?s=96&d=mm&r=g\",\"contentUrl\":\"https:\/\/secure.gravatar.com\/avatar\/788aaa2a314de15ccbbda196c0559147de63c1a842e207ed252f0548a1a8ea6e?s=96&d=mm&r=g\",\"caption\":\"Marcin\"},\"url\":\"http:\/\/www.businessmantoday.us\/pl\/author\/agencjafaceit\/\"}]}<\/script>\n<!-- \/ Yoast SEO plugin. -->","yoast_head_json":{"title":"\u015awi\u0119tuj pocz\u0105tek lata oraz Dzie\u0144 Ojca z Romance TV! | Businessman Today","robots":{"index":"index","follow":"follow","max-snippet":"max-snippet:-1","max-image-preview":"max-image-preview:large","max-video-preview":"max-video-preview:-1"},"canonical":"http:\/\/www.businessmantoday.us\/pl\/https-www-romance-tv-pl-35\/","og_locale":"pl_PL","og_type":"article","og_title":"\u015awi\u0119tuj pocz\u0105tek lata oraz Dzie\u0144 Ojca z Romance TV! | Businessman Today","og_description":"Czerwiec w Romance TV to oczywi\u015bcie przywitanie lata! Z tej okazji widzowie zobacz\u0105 premier\u0119 telewizyjn\u0105 filmu \u201eInga Lindstr\u00f6m: Lato na wyspie\u201d (20.06 g. 20:00). Ju\u017c trzy dni p\u00f3\u017aniej, z okazji Dnia Ojca, stacja zaprasza na komedi\u0119 \u201eAlert klimatyczny dla pocz\u0105tkuj\u0105cych\u201d (23.06 g. 20:00). Dla fan\u00f3w adwokata Joachima Varnau, tak\u017ce co\u015b...","og_url":"http:\/\/www.businessmantoday.us\/pl\/https-www-romance-tv-pl-35\/","og_site_name":"Businessman Today","article_published_time":"2024-05-29T08:24:11+00:00","og_image":[{"width":1599,"height":1066,"url":"http:\/\/www.businessmantoday.us\/wp-content\/uploads\/2024\/05\/Joachim_Vernau_Jezioro_Duester_RomanceTV.jpeg","type":"image\/jpeg"}],"author":"Marcin","twitter_card":"summary_large_image","twitter_misc":{"Napisane przez":"Marcin","Szacowany czas czytania":"3 minuty"},"schema":{"@context":"https:\/\/schema.org","@graph":[{"@type":"WebPage","@id":"http:\/\/www.businessmantoday.us\/pl\/https-www-romance-tv-pl-35\/","url":"http:\/\/www.businessmantoday.us\/pl\/https-www-romance-tv-pl-35\/","name":"\u015awi\u0119tuj pocz\u0105tek lata oraz Dzie\u0144 Ojca z Romance TV! | Businessman Today","isPartOf":{"@id":"http:\/\/www.businessmantoday.us\/pl\/#website"},"primaryImageOfPage":{"@id":"http:\/\/www.businessmantoday.us\/pl\/https-www-romance-tv-pl-35\/#primaryimage"},"image":{"@id":"http:\/\/www.businessmantoday.us\/pl\/https-www-romance-tv-pl-35\/#primaryimage"},"thumbnailUrl":"http:\/\/www.businessmantoday.us\/wp-content\/uploads\/2024\/05\/Joachim_Vernau_Jezioro_Duester_RomanceTV.jpeg","datePublished":"2024-05-29T08:24:11+00:00","author":{"@id":"http:\/\/www.businessmantoday.us\/pl\/#\/schema\/person\/47c1fa0ea2184bb6a20096182b058647"},"breadcrumb":{"@id":"http:\/\/www.businessmantoday.us\/pl\/https-www-romance-tv-pl-35\/#breadcrumb"},"inLanguage":"pl-PL","potentialAction":[{"@type":"ReadAction","target":["http:\/\/www.businessmantoday.us\/pl\/https-www-romance-tv-pl-35\/"]}]},{"@type":"ImageObject","inLanguage":"pl-PL","@id":"http:\/\/www.businessmantoday.us\/pl\/https-www-romance-tv-pl-35\/#primaryimage","url":"http:\/\/www.businessmantoday.us\/wp-content\/uploads\/2024\/05\/Joachim_Vernau_Jezioro_Duester_RomanceTV.jpeg","contentUrl":"http:\/\/www.businessmantoday.us\/wp-content\/uploads\/2024\/05\/Joachim_Vernau_Jezioro_Duester_RomanceTV.jpeg","width":1599,"height":1066,"caption":"Sanja Huth (Anna Loos) und Joachim Vernau (Jan Josef Liefers) unterhalten sich auf dem Weg zur Veranstaltung."},{"@type":"BreadcrumbList","@id":"http:\/\/www.businessmantoday.us\/pl\/https-www-romance-tv-pl-35\/#breadcrumb","itemListElement":[{"@type":"ListItem","position":1,"name":"Strona g\u0142\u00f3wna","item":"http:\/\/www.businessmantoday.us\/pl\/"},{"@type":"ListItem","position":2,"name":"\u015awi\u0119tuj pocz\u0105tek lata oraz Dzie\u0144 Ojca z Romance TV!"}]},{"@type":"WebSite","@id":"http:\/\/www.businessmantoday.us\/pl\/#website","url":"http:\/\/www.businessmantoday.us\/pl\/","name":"Businessman Today","description":"Inspired by Tomorrow","potentialAction":[{"@type":"SearchAction","target":{"@type":"EntryPoint","urlTemplate":"http:\/\/www.businessmantoday.us\/pl\/?s={search_term_string}"},"query-input":{"@type":"PropertyValueSpecification","valueRequired":true,"valueName":"search_term_string"}}],"inLanguage":"pl-PL"},{"@type":"Person","@id":"http:\/\/www.businessmantoday.us\/pl\/#\/schema\/person\/47c1fa0ea2184bb6a20096182b058647","name":"Marcin","image":{"@type":"ImageObject","inLanguage":"pl-PL","@id":"http:\/\/www.businessmantoday.us\/pl\/#\/schema\/person\/image\/","url":"https:\/\/secure.gravatar.com\/avatar\/788aaa2a314de15ccbbda196c0559147de63c1a842e207ed252f0548a1a8ea6e?s=96&d=mm&r=g","contentUrl":"https:\/\/secure.gravatar.com\/avatar\/788aaa2a314de15ccbbda196c0559147de63c1a842e207ed252f0548a1a8ea6e?s=96&d=mm&r=g","caption":"Marcin"},"url":"http:\/\/www.businessmantoday.us\/pl\/author\/agencjafaceit\/"}]}},"_links":{"self":[{"href":"http:\/\/www.businessmantoday.us\/pl\/wp-json\/wp\/v2\/posts\/11006","targetHints":{"allow":["GET"]}}],"collection":[{"href":"http:\/\/www.businessmantoday.us\/pl\/wp-json\/wp\/v2\/posts"}],"about":[{"href":"http:\/\/www.businessmantoday.us\/pl\/wp-json\/wp\/v2\/types\/post"}],"author":[{"embeddable":true,"href":"http:\/\/www.businessmantoday.us\/pl\/wp-json\/wp\/v2\/users\/17"}],"replies":[{"embeddable":true,"href":"http:\/\/www.businessmantoday.us\/pl\/wp-json\/wp\/v2\/comments?post=11006"}],"version-history":[{"count":1,"href":"http:\/\/www.businessmantoday.us\/pl\/wp-json\/wp\/v2\/posts\/11006\/revisions"}],"predecessor-version":[{"id":11009,"href":"http:\/\/www.businessmantoday.us\/pl\/wp-json\/wp\/v2\/posts\/11006\/revisions\/11009"}],"wp:featuredmedia":[{"embeddable":true,"href":"http:\/\/www.businessmantoday.us\/pl\/wp-json\/wp\/v2\/media\/11007"}],"wp:attachment":[{"href":"http:\/\/www.businessmantoday.us\/pl\/wp-json\/wp\/v2\/media?parent=11006"}],"wp:term":[{"taxonomy":"category","embeddable":true,"href":"http:\/\/www.businessmantoday.us\/pl\/wp-json\/wp\/v2\/categories?post=11006"},{"taxonomy":"post_tag","embeddable":true,"href":"http:\/\/www.businessmantoday.us\/pl\/wp-json\/wp\/v2\/tags?post=11006"}],"curies":[{"name":"wp","href":"https:\/\/api.w.org\/{rel}","templated":true}]}}